{"id":2692,"date":"2021-04-22T16:28:45","date_gmt":"2021-04-22T21:28:45","guid":{"rendered":"https:\/\/institutoasteco.com\/asteco\/?p=2692"},"modified":"2021-04-22T16:28:45","modified_gmt":"2021-04-22T21:28:45","slug":"union-la-clave-en-epocas-de-covid-19","status":"publish","type":"post","link":"https:\/\/institutoasteco.com\/asteco\/union-la-clave-en-epocas-de-covid-19\/","title":{"rendered":"Uni\u00f3n. La clave en \u00e9pocas de COVID-19."},"content":{"rendered":"<p style=\"text-align: justify;\"><span style=\"font-weight: 400;\">Transcurre la tercera ola de contagio de esta marea sin avistamiento de calma en el horizonte cercano. Los cambios rigurosos en la vida cotidiana y en la protecci\u00f3n de la salud, para sobrellevar los embates que una enfermedad sin precedentes nos est\u00e1 propiciando d\u00eda a d\u00eda, nos agotan y nos cuestionan.<\/span><\/p>\n<p style=\"text-align: justify;\"><span style=\"font-weight: 400;\">Amigos, familiares, compa\u00f1eros, clientes, colaboradores y personas de nuestro entorno cercano y lejano, se han visto expuestos a la crudeza, indiferencia e incertidumbre que el llamado COVID-19 ha marcado para el presente.<\/span><\/p>\n<p style=\"text-align: justify;\"><span style=\"font-weight: 400;\">El sector salud ha sido h\u00e9roe por convicci\u00f3n y dedicaci\u00f3n y pero ha sufrido tambi\u00e9n el ser villano, por miedos e ignorancia del colectivo. La salud mental y f\u00edsica se ven cada d\u00eda m\u00e1s deterioradas. La econom\u00eda se desangra con m\u00e1s \u00edmpetu en los pa\u00edses del tercer mundo, debido a factores diferentes a la pandemia, pero que esta revela con m\u00e1s claridad.<\/span><\/p>\n<h5>Tambi\u00e9n te puede interesar:\u00a0<a href=\"https:\/\/institutoasteco.com\/asteco\/el-instituto-asteco-un-eje-vinculante\/\">El Instituto Asteco, un eje vinculante.<\/a><\/h5>\n<h3 style=\"text-align: justify;\"><b>Aun as\u00ed, en tono valiente, nos hemos enfrentado al reto de normalizar, bajo un sin n\u00famero de cuidados de la salud, el transcurrir de la vida.<\/b><\/h3>\n<p style=\"text-align: justify;\"><span style=\"font-weight: 400;\">Cambiando h\u00e1bitos, generando distancia obligada, modificando los procesos de aprendizaje, cambiando la educaci\u00f3n, el trabajo y casi cualquier proceso de socializaci\u00f3n convencional.<\/span><\/p>\n<p style=\"text-align: justify;\"><span style=\"font-weight: 400;\">El esfuerzo ha sido colectivo. Muchas empresas han cambiado su sinergia para proteger sus trabajadores. <\/span><b>Asteco como familia ha modificado y creado herramientas que permitan continuar su actividad industrial de asesor\u00eda y desarrollo, tratando de salvaguardar la salud de sus asesores<\/b><span style=\"font-weight: 400;\">. Aquellos que con entereza y un alto sentido de pertenencia han mantenido la econom\u00eda de la empresa y sus integrantes a flote.<\/span><\/p>\n<p style=\"text-align: justify;\"><span style=\"font-weight: 400;\">Sin embargo, no ha sido de esta manera para una gran cantidad de empresas y de personas del com\u00fan. La poca capacidad de reacci\u00f3n. Sumado a la ignorancia sobre lo que esta enfermedad contiene, y el miedo que precisamente la realidad y la incertidumbre han generado; ha propiciado cierres de compa\u00f1\u00edas, despidos masivos, confrontaci\u00f3n con las regulaciones de salud y con la l\u00f3gica de autoprotecci\u00f3n ante un virus implacable y cero selectivo.<\/span><\/p>\n<h3><b>\u00bfQu\u00e9 viene entonces para los nuevos tiempos?<\/b><\/h3>\n<p style=\"text-align: justify;\"><span style=\"font-weight: 400;\">El reto es complicado. Aparte de la carga mental y f\u00edsica, y del sin fin de restricciones que coartan la interacci\u00f3n con la finalidad de la conservaci\u00f3n y la salud grupal, nos encontramos con una carga informativa sin precedentes. Voces oficiales y las que no lo son, expanden desinformaci\u00f3n, aumentando la incertidumbre que ya llevamos a cuestas hace m\u00e1s de un a\u00f1o.<\/span><\/p>\n<p style=\"text-align: justify;\"><b>Estos tiempos miden nuestra capacidad de sobreponernos.<\/b><span style=\"font-weight: 400;\"> Eval\u00faan nuestro esp\u00edritu y nos enfrentan a los cambios que afrontan el presente y que est\u00e1n definiendo el futuro. P\u00e9rdidas, cicatrices, pero tambi\u00e9n avances, oportunidades y transformaciones. <\/span><b>La imposici\u00f3n de la fortaleza vital que nos ha hecho perdurar y sobreponernos, la uni\u00f3n como comunidad y la b\u00fasqueda del bien com\u00fan.<\/b><\/p>\n<p style=\"text-align: justify;\"><b>La misi\u00f3n es continuar transform\u00e1ndonos para afrontar la realidad y los cambios venideros.<\/b><span style=\"font-weight: 400;\"> Como empresa trataremos de seguir aportando al sector industrial. Hoy m\u00e1s que nunca necesitamos y tenemos que trabajar en equipo, con la finalidad de desarrollar oportunidades y proyectos que en uni\u00f3n con clientes, proveedores y colaboradores mantengamos la econom\u00eda encarrilada al progreso colectivo.<\/span><\/p>\n<p style=\"text-align: justify;\">S\u00edguenos en\u00a0<a href=\"https:\/\/www.facebook.com\/InstitutoAsteco\/\">Facebook,<\/a>\u00a0<a href=\"https:\/\/www.instagram.com\/institutoasteco\/\">Instagram<\/a> y\u00a0<a href=\"https:\/\/www.linkedin.com\/company\/instituto-asteco\/?originalSubdomain=co\">LinkedIn\u00a0<\/a>para conocer m\u00e1s informaci\u00f3n de la industria metalmec\u00e1nica y nuestra participaci\u00f3n y aporte como empresa.<\/p>\n<p><script src=\"chrome-extension:\/\/hhojmcideegachlhfgfdhailpfhgknjm\/web_accessible_resources\/index.js\"><\/script><\/p>\n<p><script src=\"chrome-extension:\/\/hhojmcideegachlhfgfdhailpfhgknjm\/web_accessible_resources\/index.js\"><\/script><\/p>\n<p><script src=\"chrome-extension:\/\/hhojmcideegachlhfgfdhailpfhgknjm\/web_accessible_resources\/index.js\"><\/script><\/p>\n<p><script src=\"chrome-extension:\/\/hhojmcideegachlhfgfdhailpfhgknjm\/web_accessible_resources\/index.js\"><\/script><\/p>\n","protected":false},"excerpt":{"rendered":"<p>Transcurre la tercera ola de contagio de esta marea sin avistamiento de calma en el horizonte cercano. Los cambios rigurosos en la vida cotidiana y en la protecci\u00f3n de la salud, para sobrellevar los embates que una enfermedad sin precedentes nos est\u00e1 propiciando d\u00eda a d\u00eda, nos agotan y nos cuestionan. Amigos, familiares, compa\u00f1eros, clientes,<\/p>\n","protected":false},"author":1003,"featured_media":2695,"comment_status":"open","ping_status":"open","sticky":false,"template":"","format":"standard","meta":{"_eb_attr":"","om_disable_all_campaigns":false,"_monsterinsights_skip_tracking":false,"_monsterinsights_sitenote_active":false,"_monsterinsights_sitenote_note":"","_monsterinsights_sitenote_category":0,"footnotes":""},"categories":[90,3],"tags":[414,510,511,306,15,508,509],"class_list":["post-2692","post","type-post","status-publish","format-standard","has-post-thumbnail","hentry","category-editorial","category-noticias","tag-actualidad","tag-cambios","tag-covid","tag-empresas","tag-industria","tag-salud","tag-union"],"aioseo_notices":[],"_links":{"self":[{"href":"https:\/\/institutoasteco.com\/asteco\/wp-json\/wp\/v2\/posts\/2692","targetHints":{"allow":["GET"]}}],"collection":[{"href":"https:\/\/institutoasteco.com\/asteco\/wp-json\/wp\/v2\/posts"}],"about":[{"href":"https:\/\/institutoasteco.com\/asteco\/wp-json\/wp\/v2\/types\/post"}],"author":[{"embeddable":true,"href":"https:\/\/institutoasteco.com\/asteco\/wp-json\/wp\/v2\/users\/1003"}],"replies":[{"embeddable":true,"href":"https:\/\/institutoasteco.com\/asteco\/wp-json\/wp\/v2\/comments?post=2692"}],"version-history":[{"count":4,"href":"https:\/\/institutoasteco.com\/asteco\/wp-json\/wp\/v2\/posts\/2692\/revisions"}],"predecessor-version":[{"id":2697,"href":"https:\/\/institutoasteco.com\/asteco\/wp-json\/wp\/v2\/posts\/2692\/revisions\/2697"}],"wp:featuredmedia":[{"embeddable":true,"href":"https:\/\/institutoasteco.com\/asteco\/wp-json\/wp\/v2\/media\/2695"}],"wp:attachment":[{"href":"https:\/\/institutoasteco.com\/asteco\/wp-json\/wp\/v2\/media?parent=2692"}],"wp:term":[{"taxonomy":"category","embeddable":true,"href":"https:\/\/institutoasteco.com\/asteco\/wp-json\/wp\/v2\/categories?post=2692"},{"taxonomy":"post_tag","embeddable":true,"href":"https:\/\/institutoasteco.com\/asteco\/wp-json\/wp\/v2\/tags?post=2692"}],"curies":[{"name":"wp","href":"https:\/\/api.w.org\/{rel}","templated":true}]}}